{"id":3024,"date":"2014-09-18T14:41:27","date_gmt":"2014-09-18T12:41:27","guid":{"rendered":"http:\/\/users2.unimi.it\/cde\/CDE\/?p=3024"},"modified":"2026-04-21T09:55:18","modified_gmt":"2026-04-21T07:55:18","slug":"milano-per-lexpo","status":"publish","type":"post","link":"https:\/\/sites.unimi.it\/cde\/en\/2014\/09\/milano-per-lexpo\/","title":{"rendered":"Milano per l&#8217;Expo"},"content":{"rendered":"<ul>\n<li>venerd\u00ec 26 settembre 2014<br \/>\nL&#8217;Ufficio d&#8217;Informazione a Milano del Parlamento europeo organizza il  <strong><a href=\"http:\/\/www.lavoce.info\/convegno-annuale-2014\/\" target=\"_blank\">\u201cWORKSHOP SU EXPO MILANO 2015&#8243;<\/a><\/strong>, un incontro di lavoro sulla partecipazione dell&#8217;UE all&#8217;EXPO, al quale l&#8217;Unione parteciper\u00e0  con un suo Padiglione.<br \/>\nne discutono: Bruno Maras\u00e0 (Parlamento Europeo), Matteo Fornara (Commissione Europea), Claudia Sorlini, (Universit\u00e0 degli Studi di Milano) e Matteo Pederzoli (MCI Group).<br \/>\nSala conferenze del Parlamento europeo<br \/>\nCorso Magenta, 59, Milano &#8211; ore 10.00-12.30<\/li>\n<\/ul>","protected":false},"excerpt":{"rendered":"<p>venerd\u00ec 26 settembre 2014 L&#8217;Ufficio d&#8217;Informazione a Milano del Parlamento europeo organizza il \u201cWORKSHOP SU EXPO MILANO 2015&#8243;, un incontro di lavoro sulla partecipazione dell&#8217;UE all&#8217;EXPO, al quale l&#8217;Unione parteciper\u00e0 con un suo Padiglione. ne discutono: Bruno Maras\u00e0 (Parlamento Europeo), Matteo Fornara (Commissione Europea), Claudia Sorlini, (Universit\u00e0 degli Studi di Milano) e Matteo Pederzoli (MCI Group). Sala conferenze del Parlamento europeo Corso Magenta, 59, Milano &#8211; ore 10.00-12.30<\/p>","protected":false},"author":2,"featured_media":0,"comment_status":"closed","ping_status":"open","sticky":false,"template":"","format":"standard","meta":{"footnotes":""},"categories":[1],"tags":[],"class_list":["post-3024","post","type-post","status-publish","format-standard","hentry","category-archivio"],"_links":{"self":[{"href":"https:\/\/sites.unimi.it\/cde\/en\/wp-json\/wp\/v2\/posts\/3024","targetHints":{"allow":["GET"]}}],"collection":[{"href":"https:\/\/sites.unimi.it\/cde\/en\/wp-json\/wp\/v2\/posts"}],"about":[{"href":"https:\/\/sites.unimi.it\/cde\/en\/wp-json\/wp\/v2\/types\/post"}],"author":[{"embeddable":true,"href":"https:\/\/sites.unimi.it\/cde\/en\/wp-json\/wp\/v2\/users\/2"}],"replies":[{"embeddable":true,"href":"https:\/\/sites.unimi.it\/cde\/en\/wp-json\/wp\/v2\/comments?post=3024"}],"version-history":[{"count":1,"href":"https:\/\/sites.unimi.it\/cde\/en\/wp-json\/wp\/v2\/posts\/3024\/revisions"}],"predecessor-version":[{"id":3025,"href":"https:\/\/sites.unimi.it\/cde\/en\/wp-json\/wp\/v2\/posts\/3024\/revisions\/3025"}],"wp:attachment":[{"href":"https:\/\/sites.unimi.it\/cde\/en\/wp-json\/wp\/v2\/media?parent=3024"}],"wp:term":[{"taxonomy":"category","embeddable":true,"href":"https:\/\/sites.unimi.it\/cde\/en\/wp-json\/wp\/v2\/categories?post=3024"},{"taxonomy":"post_tag","embeddable":true,"href":"https:\/\/sites.unimi.it\/cde\/en\/wp-json\/wp\/v2\/tags?post=3024"}],"curies":[{"name":"wp","href":"https:\/\/api.w.org\/{rel}","templated":true}]}}