{"id":3032,"date":"2014-09-19T14:02:23","date_gmt":"2014-09-19T12:02:23","guid":{"rendered":"http:\/\/users2.unimi.it\/cde\/CDE\/?p=3032"},"modified":"2026-04-21T09:54:29","modified_gmt":"2026-04-21T07:54:29","slug":"notte-europea-ricercatori","status":"publish","type":"post","link":"https:\/\/sites.unimi.it\/cde\/en\/2014\/09\/notte-europea-ricercatori\/","title":{"rendered":"Notte europea ricercatori"},"content":{"rendered":"<ul>\n<li>venerd\u00ec 26 settembre 2014<br \/>\nIl Politecnico, l&#8217;Universit\u00e0 Statale, l&#8217;Universit\u00e0 Bicocca e il Comune di Milano, con il contributo di Regione Lombardia e Fondazione Cariplo, organizzano <strong><a href=\"http:\/\/www.meetmetonight.it\/programma\/\" target=\"_blank\">\u201cMEETmeTONIGHT, la Notte europea dei Ricercatori 2014&#8243;<\/a><\/strong><br \/>\nL&#8217;appuntamento, rivolto a tutti, \u00e8 dedicato alla conoscenza e all&#8217;innovazione, con oltre 150 ricercatori impegnati in esperimenti e dimostrazioni che il pubblico potr\u00e0 vedere e toccare in 48 laboratori interattivi, su temi che spaziano dalla salute al clima, dalla felicit\u00e0 allo spazio e alla nutrizione.<br \/>\nGiardini Indro Montanelli e Museo Nazionale della Scienza e della Tecnologia \u201cLeonardo da Vinci\u201d<br \/>\nMilano &#8211; ore 16.00-23.00<\/li>\n<\/ul>","protected":false},"excerpt":{"rendered":"<p>venerd\u00ec 26 settembre 2014 Il Politecnico, l&#8217;Universit\u00e0 Statale, l&#8217;Universit\u00e0 Bicocca e il Comune di Milano, con il contributo di Regione Lombardia e Fondazione Cariplo, organizzano \u201cMEETmeTONIGHT, la Notte europea dei Ricercatori 2014&#8243; L&#8217;appuntamento, rivolto a tutti, \u00e8 dedicato alla conoscenza e all&#8217;innovazione, con oltre 150 ricercatori impegnati in esperimenti e dimostrazioni che il pubblico potr\u00e0 vedere e toccare in 48 laboratori interattivi, su temi che spaziano dalla salute al clima, dalla felicit\u00e0 allo spazio e alla nutrizione. Giardini Indro Montanelli e Museo Nazionale della Scienza e della Tecnologia \u201cLeonardo da Vinci\u201d Milano &#8211; ore 16.00-23.00<\/p>","protected":false},"author":2,"featured_media":0,"comment_status":"closed","ping_status":"open","sticky":false,"template":"","format":"standard","meta":{"footnotes":""},"categories":[1],"tags":[],"class_list":["post-3032","post","type-post","status-publish","format-standard","hentry","category-archivio"],"_links":{"self":[{"href":"https:\/\/sites.unimi.it\/cde\/en\/wp-json\/wp\/v2\/posts\/3032","targetHints":{"allow":["GET"]}}],"collection":[{"href":"https:\/\/sites.unimi.it\/cde\/en\/wp-json\/wp\/v2\/posts"}],"about":[{"href":"https:\/\/sites.unimi.it\/cde\/en\/wp-json\/wp\/v2\/types\/post"}],"author":[{"embeddable":true,"href":"https:\/\/sites.unimi.it\/cde\/en\/wp-json\/wp\/v2\/users\/2"}],"replies":[{"embeddable":true,"href":"https:\/\/sites.unimi.it\/cde\/en\/wp-json\/wp\/v2\/comments?post=3032"}],"version-history":[{"count":1,"href":"https:\/\/sites.unimi.it\/cde\/en\/wp-json\/wp\/v2\/posts\/3032\/revisions"}],"predecessor-version":[{"id":3033,"href":"https:\/\/sites.unimi.it\/cde\/en\/wp-json\/wp\/v2\/posts\/3032\/revisions\/3033"}],"wp:attachment":[{"href":"https:\/\/sites.unimi.it\/cde\/en\/wp-json\/wp\/v2\/media?parent=3032"}],"wp:term":[{"taxonomy":"category","embeddable":true,"href":"https:\/\/sites.unimi.it\/cde\/en\/wp-json\/wp\/v2\/categories?post=3032"},{"taxonomy":"post_tag","embeddable":true,"href":"https:\/\/sites.unimi.it\/cde\/en\/wp-json\/wp\/v2\/tags?post=3032"}],"curies":[{"name":"wp","href":"https:\/\/api.w.org\/{rel}","templated":true}]}}