{"id":3269,"date":"2015-03-06T13:13:52","date_gmt":"2015-03-06T11:13:52","guid":{"rendered":"http:\/\/users2.unimi.it\/cde\/CDE\/?p=3269"},"modified":"2026-04-21T10:08:19","modified_gmt":"2026-04-21T08:08:19","slug":"3269","status":"publish","type":"post","link":"https:\/\/sites.unimi.it\/cde\/2015\/03\/3269\/","title":{"rendered":"Sanzioni amministrative. Riflessioni a margine della sentenza &#8216;Grande Stevens&#8217;"},"content":{"rendered":"<ul>\n<li>marted\u00ec 10 marzo 2015<br \/>\nIl Dipartimento di Studi internazionali, giuridici e storico-politici dell&#8217;Universit\u00e0 degli Studi di Milano organizza, nell&#8217;ambito del Corso di costituzionalismo multilivello, il Convegno: <strong><a href=\"http:\/\/www.facoltaspes.unimi.it\/files\/_ITA_\/Corsi_Laurea\/convegno_10_marzo_2015.pdf\" target=\"_blank\">Sanzioni amministrative: doppio binario o binario morto? Riflessioni a margine della sentenza della Corte di Strasburgo &#8216;Grande Stevens&#8217;<\/a><\/strong><br \/>\nIntervengono: Paola Bilancia (Universit\u00e0 degli Studi di Milano), Giovanni Maria Flick (Presidente emerito della Corte Costituzionale), Bruno Inzitari (Universit\u00e0 degli Studi di Milano Bicocca) e  Francesco Goisis (Universit\u00e0 degli Studi di Milano)<br \/>\nAula Crociera Alta di Studi Umanistici &#8211; Via Festa del Perdono, 7<br \/>\nUniversit\u00e0 degli Studi di Milano &#8211; ore 10.00-14.00<br \/>\nConvegno accreditato dall\u2019Ordine degli Avvocati di Milano<br \/>\nLa partecipazione \u00e8 gratuita. Per informazioni e adesioni: Dott.ssa Chiara Galbersanini <\/strong><a>convegno10marzo@gmail.com<\/a><\/li>\n<\/ul>\n","protected":false},"excerpt":{"rendered":"<p>marted\u00ec 10 marzo 2015 Il Dipartimento di Studi internazionali, giuridici e storico-politici dell&#8217;Universit\u00e0 degli Studi di Milano organizza, nell&#8217;ambito del Corso di costituzionalismo multilivello, il Convegno: Sanzioni amministrative: doppio binario o binario morto? Riflessioni a margine della sentenza della Corte di Strasburgo &#8216;Grande Stevens&#8217; Intervengono: Paola Bilancia (Universit\u00e0 degli Studi di Milano), Giovanni Maria Flick (Presidente emerito della Corte Costituzionale), Bruno Inzitari (Universit\u00e0 degli Studi di Milano Bicocca) e Francesco Goisis (Universit\u00e0 degli Studi di Milano) Aula Crociera Alta di Studi Umanistici &#8211; Via Festa del Perdono, 7 Universit\u00e0 degli Studi di Milano &#8211; ore 10.00-14.00 Convegno accreditato dall\u2019Ordine degli Avvocati di Milano La partecipazione \u00e8 gratuita. Per informazioni e adesioni: Dott.ssa Chiara Galbersanini convegno10marzo@gmail.com<\/p>\n","protected":false},"author":2,"featured_media":0,"comment_status":"closed","ping_status":"open","sticky":false,"template":"","format":"standard","meta":{"footnotes":""},"categories":[1],"tags":[],"class_list":["post-3269","post","type-post","status-publish","format-standard","hentry","category-archivio"],"_links":{"self":[{"href":"https:\/\/sites.unimi.it\/cde\/wp-json\/wp\/v2\/posts\/3269","targetHints":{"allow":["GET"]}}],"collection":[{"href":"https:\/\/sites.unimi.it\/cde\/wp-json\/wp\/v2\/posts"}],"about":[{"href":"https:\/\/sites.unimi.it\/cde\/wp-json\/wp\/v2\/types\/post"}],"author":[{"embeddable":true,"href":"https:\/\/sites.unimi.it\/cde\/wp-json\/wp\/v2\/users\/2"}],"replies":[{"embeddable":true,"href":"https:\/\/sites.unimi.it\/cde\/wp-json\/wp\/v2\/comments?post=3269"}],"version-history":[{"count":4,"href":"https:\/\/sites.unimi.it\/cde\/wp-json\/wp\/v2\/posts\/3269\/revisions"}],"predecessor-version":[{"id":3277,"href":"https:\/\/sites.unimi.it\/cde\/wp-json\/wp\/v2\/posts\/3269\/revisions\/3277"}],"wp:attachment":[{"href":"https:\/\/sites.unimi.it\/cde\/wp-json\/wp\/v2\/media?parent=3269"}],"wp:term":[{"taxonomy":"category","embeddable":true,"href":"https:\/\/sites.unimi.it\/cde\/wp-json\/wp\/v2\/categories?post=3269"},{"taxonomy":"post_tag","embeddable":true,"href":"https:\/\/sites.unimi.it\/cde\/wp-json\/wp\/v2\/tags?post=3269"}],"curies":[{"name":"wp","href":"https:\/\/api.w.org\/{rel}","templated":true}]}}