{"id":1,"date":"2019-07-19T08:38:36","date_gmt":"2019-07-19T06:38:36","guid":{"rendered":"https:\/\/sites.unimi.it\/preclab\/?p=1"},"modified":"2023-03-05T17:13:07","modified_gmt":"2023-03-05T16:13:07","slug":"conferenza-colombare-di-negrar","status":"publish","type":"post","link":"https:\/\/sites.unimi.it\/preclab\/conferenza-colombare-di-negrar\/","title":{"rendered":"Scavo di Colombare di Negrar: la conferenza di presentazione"},"content":{"rendered":"\n<p class=\"has-drop-cap\">Per la buona riuscita di uno scavo, \u00e8 importante condividere sin dall&#8217;inizio informazioni e ricerche con tutto il gruppo di lavoro. Ecco perch\u00e9, lo scorso<strong> venerd\u00ec 12 luglio<\/strong> si \u00e8 svolta nelle aule della sede di via Santa Sofia dell\u2019<a href=\"https:\/\/www.unimi.it\/\" target=\"_blank\" rel=\"noreferrer noopener\" aria-label=\"Universit\u00e0 degli Studi di Milano (apre in una nuova scheda)\">Universit\u00e0 degli Studi di Milano<\/a> una conferenza di presentazione delle indagini archeologiche e paleoambientali nel sito preistorico di <strong>Colombare di Negrar di Valpolicella<\/strong> (VR), dedicata agli studenti che parteciperanno al laboratorio di scavo per tutto il prossimo mese di settembre.<\/p>\n\n\n\n<figure class=\"wp-block-image\"><img loading=\"lazy\" decoding=\"async\" width=\"960\" height=\"720\" src=\"https:\/\/sites.unimi.it\/preclab\/wp-content\/uploads\/2019\/07\/riunione-2.jpg\" alt=\"Chiara Reggio, Colombare di Negrar\" class=\"wp-image-17\" srcset=\"https:\/\/sites.unimi.it\/preclab\/wp-content\/uploads\/2019\/07\/riunione-2.jpg 960w, https:\/\/sites.unimi.it\/preclab\/wp-content\/uploads\/2019\/07\/riunione-2-300x225.jpg 300w, https:\/\/sites.unimi.it\/preclab\/wp-content\/uploads\/2019\/07\/riunione-2-768x576.jpg 768w\" sizes=\"auto, (max-width: 960px) 100vw, 960px\" \/><figcaption class=\"wp-element-caption\">Chiara Reggio illustra le caratteristiche del sito di Colombare di Negrar. \u00a9 PrEcLab<\/figcaption><\/figure>\n\n\n\n<p>Contenuti archeologici del sito, metodologia di intervento e collaborazioni attivate &#8211; con la <a rel=\"noreferrer noopener\" aria-label=\"Soprintendenza archeologia belle arti e paesaggio per le province di Verona, Rovigo e Vicenza (apre in una nuova scheda)\" href=\"http:\/\/www.sbap-vr.beniculturali.it\/\" target=\"_blank\">Soprintendenza archeologia belle arti e paesaggio per le province di Verona, Rovigo e Vicenza<\/a> e il <a rel=\"noreferrer noopener\" aria-label=\"Comune di Negrar di Valpolicella (apre in una nuova scheda)\" href=\"https:\/\/www.comunenegrar.it\/hh\/index.php?jvs=0&amp;acc=1\" target=\"_blank\">Comune di Negrar di Valpolicella<\/a> &#8211; sono stati i principali temi trattati da alcuni degli studiosi che dirigeranno e prenderanno parte alle operazioni.<\/p>\n\n\n\n<p>Dopo una breve introduzione di <strong><a href=\"https:\/\/sites.unimi.it\/preclab\/chi-siamo\/\">Umberto Tecchiati<\/a><\/strong>, docente di Preistoria presso l\u2019Universit\u00e0 Statale di Milano, \u00e8 intervenuta <strong>Paola Salzani<\/strong>, funzionaria della Soprintendenza di Verona, che ha sottolineato l\u2019importanza archeologica del sito di Colombare di Negrar nel quadro del popolamento preistorico dei Monti Lessini, e ha ricordato il significato della collaborazione tra Soprintendenza ed Universit\u00e0 ai fini di tutela e ricerca.<\/p>\n\n\n\n<figure class=\"wp-block-image\"><img loading=\"lazy\" decoding=\"async\" width=\"960\" height=\"720\" src=\"https:\/\/sites.unimi.it\/preclab\/wp-content\/uploads\/2019\/07\/riunione-3.jpg\" alt=\"Stefano Viola, Colombare di Negrar\" class=\"wp-image-18\" srcset=\"https:\/\/sites.unimi.it\/preclab\/wp-content\/uploads\/2019\/07\/riunione-3.jpg 960w, https:\/\/sites.unimi.it\/preclab\/wp-content\/uploads\/2019\/07\/riunione-3-300x225.jpg 300w, https:\/\/sites.unimi.it\/preclab\/wp-content\/uploads\/2019\/07\/riunione-3-768x576.jpg 768w\" sizes=\"auto, (max-width: 960px) 100vw, 960px\" \/><figcaption class=\"wp-element-caption\">Stefano Viola illustra tecniche e metodologie dello scavo in grotta. \u00a9 PrEcLab<\/figcaption><\/figure>\n\n\n\n<p><strong>Chiara Reggio<\/strong>, collaboratrice dell\u2019insegnamento di Preistoria Unimi, ha poi spiegato nel dettaglio le caratteristiche del sito e la sua cultura materiale, mentre <strong>Stefano Viola<\/strong>, altro collaboratore dell\u2019insegnamento di Preistoria (frequentatore volontario), ha illustrato le tecniche e le metodologie degli scavi in grotta. Infine \u00e8 intervenuto <strong>Luigi Magnini<\/strong>, assegnista dell\u2019Universit\u00e0 di Padova coinvolto nel team scientifico di Colombare, che ha presentato le tecniche di telerilevamento e di utilizzo del drone in ambito archeologico.<\/p>\n\n\n\n<figure class=\"wp-block-image\"><img loading=\"lazy\" decoding=\"async\" width=\"960\" height=\"720\" src=\"https:\/\/sites.unimi.it\/preclab\/wp-content\/uploads\/2019\/07\/riunione-4.jpg\" alt=\"Preclab, colombare di negrar\" class=\"wp-image-19\" srcset=\"https:\/\/sites.unimi.it\/preclab\/wp-content\/uploads\/2019\/07\/riunione-4.jpg 960w, https:\/\/sites.unimi.it\/preclab\/wp-content\/uploads\/2019\/07\/riunione-4-300x225.jpg 300w, https:\/\/sites.unimi.it\/preclab\/wp-content\/uploads\/2019\/07\/riunione-4-768x576.jpg 768w\" sizes=\"auto, (max-width: 960px) 100vw, 960px\" \/><figcaption class=\"wp-element-caption\">Luigi Magnini presenta le tecniche di telerilevamento. \u00a9 PrEcLab<\/figcaption><\/figure>\n","protected":false},"excerpt":{"rendered":"<p>Lo scorso 12 luglio, lo scavo di Colombare di Negrar \u00e8 stato ufficilamente presentato al gruppo di ricerca. Un momento di condivisione fondamentale prima della partenza <\/p>\n","protected":false},"author":1,"featured_media":144,"comment_status":"closed","ping_status":"open","sticky":false,"template":"","format":"standard","meta":{"footnotes":""},"categories":[2],"tags":[4,5,3],"class_list":["post-1","post","type-post","status-publish","format-standard","has-post-thumbnail","hentry","category-notizie","tag-didattica","tag-metodologia","tag-ricerca"],"_links":{"self":[{"href":"https:\/\/sites.unimi.it\/preclab\/wp-json\/wp\/v2\/posts\/1","targetHints":{"allow":["GET"]}}],"collection":[{"href":"https:\/\/sites.unimi.it\/preclab\/wp-json\/wp\/v2\/posts"}],"about":[{"href":"https:\/\/sites.unimi.it\/preclab\/wp-json\/wp\/v2\/types\/post"}],"author":[{"embeddable":true,"href":"https:\/\/sites.unimi.it\/preclab\/wp-json\/wp\/v2\/users\/1"}],"replies":[{"embeddable":true,"href":"https:\/\/sites.unimi.it\/preclab\/wp-json\/wp\/v2\/comments?post=1"}],"version-history":[{"count":7,"href":"https:\/\/sites.unimi.it\/preclab\/wp-json\/wp\/v2\/posts\/1\/revisions"}],"predecessor-version":[{"id":1955,"href":"https:\/\/sites.unimi.it\/preclab\/wp-json\/wp\/v2\/posts\/1\/revisions\/1955"}],"wp:featuredmedia":[{"embeddable":true,"href":"https:\/\/sites.unimi.it\/preclab\/wp-json\/wp\/v2\/media\/144"}],"wp:attachment":[{"href":"https:\/\/sites.unimi.it\/preclab\/wp-json\/wp\/v2\/media?parent=1"}],"wp:term":[{"taxonomy":"category","embeddable":true,"href":"https:\/\/sites.unimi.it\/preclab\/wp-json\/wp\/v2\/categories?post=1"},{"taxonomy":"post_tag","embeddable":true,"href":"https:\/\/sites.unimi.it\/preclab\/wp-json\/wp\/v2\/tags?post=1"}],"curies":[{"name":"wp","href":"https:\/\/api.w.org\/{rel}","templated":true}]}}